{"id":25,"date":"2017-10-17T14:35:31","date_gmt":"2017-10-17T12:35:31","guid":{"rendered":"http:\/\/57122040.swh.strato-hosting.eu\/?p=25"},"modified":"2017-12-12T16:18:44","modified_gmt":"2017-12-12T15:18:44","slug":"einbau-einer-universellen-funkfernbedienung-in-einen-vw-lupo","status":"publish","type":"post","link":"https:\/\/www.rc-individual.de\/en\/einbau-einer-universellen-funkfernbedienung-in-einen-vw-lupo\/","title":{"rendered":"Einbau einer universellen Funkfernbedienung in einen VW Lupo\/Seat Arosa"},"content":{"rendered":"<p>Diese Kurzanleitung beschreibt, wie eine universelle Funkfernbedienung (nachfolgend abgek\u00fcrzt als FFB) in einen VW Lupo oder Seat Arosa mit werksseitig vorhandener Zentralverriegelung eingebaut werden kann.<br \/>\nAls Beispiel dient hier eine universelle JOM FFB oder Inca Pro FFB. Die Kabelfarben sind bei beiden Herstellern identisch.<br \/>\nViele weitere Hersteller setzen auf die selben Kabelbelegungen\/-farben. Bitte trotzdem mit der beigelegten Anleitung vergleichen!<\/p>\n<p><strong>Alles erfolgt auf eigene Gefahr! Ich hafte nicht f\u00fcr eventuell entstandene Sch\u00e4den! Bitte vollst\u00e4ndig lesen und verstehen.<\/strong><\/p>\n<p>Vorweg noch eine kleine allgemeine&nbsp; Information zu Kabelfarben:<br \/>\nBei zweifarbigen Kabeln ist die erste Farbe immer die Hauptfarbe des Kabels, die zweite Farbe die d\u00fcnne Linie auf dem Kabel.<br \/>\nBeispiel: schwarz\/gr\u00fcn: Schwarz &#8211; Hauptfarbe, Gr\u00fcn &#8211; Linie.<\/p>\n<p>&nbsp;<\/p>\n<h4><strong>Schritt 1: Wahl der richtigen Funkfernbedienung.<\/strong><\/h4>\n<p>Theoretisch kann jede universelle Funkfernbedienung gekauft werden, die sich auf Massesteuerung verkabeln l\u00e4sst. Dies sollte in der Beschreibung auffindbar sein. Die JOM (sowie Inca Pro) bietet zudem noch das Komfortschlie\u00dfen der elektrischen Fenster sowie eine Blinkeransteuerung als optische Erkennung.<br \/>\nDie Auswahl des Designs der Funkfernbedienung ist jedem nat\u00fcrlich selbst \u00fcberlassen.<\/p>\n<p><strong>Schritt 2: Anschluss<\/strong><\/p>\n<p>Batterie abklemmen!<br \/>\n<a href=\"http:\/\/www.rc-individual.de\/wp-content\/uploads\/2017\/10\/rc_anleitung_zv.gif\" target=\"_blank\" rel=\"noopener\"><img loading=\"lazy\" decoding=\"async\" data-attachment-id=\"290\" data-permalink=\"https:\/\/www.rc-individual.de\/en\/einbau-einer-universellen-funkfernbedienung-in-einen-vw-lupo\/rc_anleitung_zv-2\/\" data-orig-file=\"https:\/\/www.rc-individual.de\/wp-content\/uploads\/2017\/10\/rc_anleitung_zv.gif\" data-orig-size=\"1024,478\" data-comments-opened=\"1\" data-image-meta=\"{&quot;aperture&quot;:&quot;0&quot;,&quot;credit&quot;:&quot;&quot;,&quot;camera&quot;:&quot;&quot;,&quot;caption&quot;:&quot;&quot;,&quot;created_timestamp&quot;:&quot;0&quot;,&quot;copyright&quot;:&quot;&quot;,&quot;focal_length&quot;:&quot;0&quot;,&quot;iso&quot;:&quot;0&quot;,&quot;shutter_speed&quot;:&quot;0&quot;,&quot;title&quot;:&quot;&quot;,&quot;orientation&quot;:&quot;0&quot;}\" data-image-title=\"Universal ZV VW Lupo Einbauplan\" data-image-description=\"\" data-image-caption=\"\" data-large-file=\"https:\/\/www.rc-individual.de\/wp-content\/uploads\/2017\/10\/rc_anleitung_zv-1024x478.gif\" class=\"aligncenter wp-image-290\" src=\"http:\/\/www.rc-individual.de\/wp-content\/uploads\/2017\/10\/rc_anleitung_zv-1024x478.gif\" alt=\"\" width=\"800\" height=\"373\" srcset=\"https:\/\/www.rc-individual.de\/wp-content\/uploads\/2017\/10\/rc_anleitung_zv-1024x478.gif 1024w, https:\/\/www.rc-individual.de\/wp-content\/uploads\/2017\/10\/rc_anleitung_zv-300x140.gif 300w, https:\/\/www.rc-individual.de\/wp-content\/uploads\/2017\/10\/rc_anleitung_zv-768x359.gif 768w\" sizes=\"auto, (max-width: 800px) 100vw, 800px\" \/><\/a><\/p>\n<p>Als erstes wird das Steuerger\u00e4t der FFB auf Massesteuerung verkabelt. Dies sind meistens 2 Kabel, die zus\u00e4tzlich auf den Minuspol geklemmt werden m\u00fcssen. In unserem Beispiel der JOM\/Inca sind es diese Kabel: gelb und gelb\/schwarz. Diese beiden werden einfach mit dem schwarzen Minuskabel zusammengel\u00f6tet und isoliert.<\/p>\n<p>Danach kann das rote Pluskabel an eine Dauerstromquelle angeschlossen werden, entweder direkt an der Batterie oder am Zigarettenanz\u00fcnder (rotes Kabel). Selbiges gilt jetzt auch f\u00fcr das Minuskabel, welches direkt an den Massepol der Batterie angeschlossen wird, am Anz\u00fcnder (schwarzes Kabel) oder wie auf unserem Bild hinter einer Schraube, die in die Karosserie eingeschraubt ist.<\/p>\n<p><a href=\"http:\/\/www.rc-individual.de\/wp-content\/uploads\/2017\/10\/haubenoeffner.jpg\" target=\"_blank\" rel=\"noopener\"><img loading=\"lazy\" decoding=\"async\" data-attachment-id=\"96\" data-permalink=\"https:\/\/www.rc-individual.de\/en\/einbau-einer-universellen-funkfernbedienung-in-einen-vw-lupo\/haubenoeffner\/\" data-orig-file=\"https:\/\/www.rc-individual.de\/wp-content\/uploads\/2017\/10\/haubenoeffner.jpg\" data-orig-size=\"1000,990\" data-comments-opened=\"1\" data-image-meta=\"{&quot;aperture&quot;:&quot;0&quot;,&quot;credit&quot;:&quot;&quot;,&quot;camera&quot;:&quot;&quot;,&quot;caption&quot;:&quot;&quot;,&quot;created_timestamp&quot;:&quot;0&quot;,&quot;copyright&quot;:&quot;&quot;,&quot;focal_length&quot;:&quot;0&quot;,&quot;iso&quot;:&quot;0&quot;,&quot;shutter_speed&quot;:&quot;0&quot;,&quot;title&quot;:&quot;&quot;,&quot;orientation&quot;:&quot;0&quot;}\" data-image-title=\"haubenoeffner\" data-image-description=\"\" data-image-caption=\"\" data-large-file=\"https:\/\/www.rc-individual.de\/wp-content\/uploads\/2017\/10\/haubenoeffner.jpg\" class=\"aligncenter wp-image-96 size-medium\" src=\"http:\/\/www.rc-individual.de\/wp-content\/uploads\/2017\/10\/haubenoeffner-300x297.jpg\" alt=\"\" width=\"300\" height=\"297\" srcset=\"https:\/\/www.rc-individual.de\/wp-content\/uploads\/2017\/10\/haubenoeffner-300x297.jpg 300w, https:\/\/www.rc-individual.de\/wp-content\/uploads\/2017\/10\/haubenoeffner-150x150.jpg 150w, https:\/\/www.rc-individual.de\/wp-content\/uploads\/2017\/10\/haubenoeffner-768x760.jpg 768w, https:\/\/www.rc-individual.de\/wp-content\/uploads\/2017\/10\/haubenoeffner.jpg 1000w\" sizes=\"auto, (max-width: 300px) 100vw, 300px\" \/><\/a><\/p>\n<p>Als n\u00e4chstes muss die Verkleidung \u00fcber den Pedalen abmontiert werden, dazu die 2 Torxschrauben l\u00f6sen und die Verkleidung zu sich abziehen.<br \/>\nDer Motorhauben\u00f6ffner und die dahinter liegende Verkleidung muss ebenso demontiert werden. Dazu wird der \u00d6ffner gezogen und so festgehalten. Dann mit einem Schlitzschraubendreher im hinteren Teil des Griffs die Spange aus dem Griff hebeln. Dabei f\u00e4llt sie meistens hinter die Verkleidung, aber diese wird ja sowieso ausgebaut.<\/p>\n<p><a href=\"http:\/\/www.rc-individual.de\/wp-content\/uploads\/2017\/10\/haubenoeffner2.jpg\" target=\"_blank\" rel=\"noopener\"><img loading=\"lazy\" decoding=\"async\" data-attachment-id=\"97\" data-permalink=\"https:\/\/www.rc-individual.de\/en\/einbau-einer-universellen-funkfernbedienung-in-einen-vw-lupo\/haubenoeffner2\/\" data-orig-file=\"https:\/\/www.rc-individual.de\/wp-content\/uploads\/2017\/10\/haubenoeffner2.jpg\" data-orig-size=\"1280,1024\" data-comments-opened=\"1\" data-image-meta=\"{&quot;aperture&quot;:&quot;0&quot;,&quot;credit&quot;:&quot;&quot;,&quot;camera&quot;:&quot;&quot;,&quot;caption&quot;:&quot;&quot;,&quot;created_timestamp&quot;:&quot;0&quot;,&quot;copyright&quot;:&quot;&quot;,&quot;focal_length&quot;:&quot;0&quot;,&quot;iso&quot;:&quot;0&quot;,&quot;shutter_speed&quot;:&quot;0&quot;,&quot;title&quot;:&quot;&quot;,&quot;orientation&quot;:&quot;0&quot;}\" data-image-title=\"haubenoeffner2\" data-image-description=\"\" data-image-caption=\"\" data-large-file=\"https:\/\/www.rc-individual.de\/wp-content\/uploads\/2017\/10\/haubenoeffner2-1024x819.jpg\" class=\"aligncenter wp-image-97 size-medium\" src=\"http:\/\/www.rc-individual.de\/wp-content\/uploads\/2017\/10\/haubenoeffner2-300x240.jpg\" alt=\"\" width=\"300\" height=\"240\" srcset=\"https:\/\/www.rc-individual.de\/wp-content\/uploads\/2017\/10\/haubenoeffner2-300x240.jpg 300w, https:\/\/www.rc-individual.de\/wp-content\/uploads\/2017\/10\/haubenoeffner2-768x614.jpg 768w, https:\/\/www.rc-individual.de\/wp-content\/uploads\/2017\/10\/haubenoeffner2-1024x819.jpg 1024w, https:\/\/www.rc-individual.de\/wp-content\/uploads\/2017\/10\/haubenoeffner2.jpg 1280w\" sizes=\"auto, (max-width: 300px) 100vw, 300px\" \/><\/a>Die Kreuzschraube der Verkleidung l\u00f6sen und die Verkleidung demontieren.<\/p>\n<p><a href=\"http:\/\/www.rc-individual.de\/wp-content\/uploads\/2017\/10\/zv_stecker.jpg\" target=\"_blank\" rel=\"noopener\"><img loading=\"lazy\" decoding=\"async\" data-attachment-id=\"95\" data-permalink=\"https:\/\/www.rc-individual.de\/en\/einbau-einer-universellen-funkfernbedienung-in-einen-vw-lupo\/zv_stecker\/\" data-orig-file=\"https:\/\/www.rc-individual.de\/wp-content\/uploads\/2017\/10\/zv_stecker.jpg\" data-orig-size=\"888,1184\" data-comments-opened=\"1\" data-image-meta=\"{&quot;aperture&quot;:&quot;0&quot;,&quot;credit&quot;:&quot;&quot;,&quot;camera&quot;:&quot;&quot;,&quot;caption&quot;:&quot;&quot;,&quot;created_timestamp&quot;:&quot;0&quot;,&quot;copyright&quot;:&quot;&quot;,&quot;focal_length&quot;:&quot;0&quot;,&quot;iso&quot;:&quot;0&quot;,&quot;shutter_speed&quot;:&quot;0&quot;,&quot;title&quot;:&quot;&quot;,&quot;orientation&quot;:&quot;0&quot;}\" data-image-title=\"zv_stecker\" data-image-description=\"\" data-image-caption=\"\" data-large-file=\"https:\/\/www.rc-individual.de\/wp-content\/uploads\/2017\/10\/zv_stecker-768x1024.jpg\" class=\"aligncenter wp-image-95 size-medium\" src=\"http:\/\/www.rc-individual.de\/wp-content\/uploads\/2017\/10\/zv_stecker-225x300.jpg\" alt=\"\" width=\"225\" height=\"300\" srcset=\"https:\/\/www.rc-individual.de\/wp-content\/uploads\/2017\/10\/zv_stecker-225x300.jpg 225w, https:\/\/www.rc-individual.de\/wp-content\/uploads\/2017\/10\/zv_stecker-768x1024.jpg 768w, https:\/\/www.rc-individual.de\/wp-content\/uploads\/2017\/10\/zv_stecker.jpg 888w\" sizes=\"auto, (max-width: 225px) 100vw, 225px\" \/><\/a><\/p>\n<p>Hinter der Verkleidung finden sich jetzt 3 Stecker in unterschiedlichen Farben. Das Augenmerk wird auf den braunen (mittleren) Stecker gelegt. Dort sind folgende 2 Kabelfarben wichtig: blau\/violett (\u00f6ffnen) und grau\/gelb (schlie\u00dfen).<\/p>\n<p>Das Steuerger\u00e4t der FFB bietet ebenso 2 Kabel f\u00fcr die Ansteuerung. \u00d6ffnen und schlie\u00dfen. Bei der Inca Pro (und JOM) sind dies die Kabelfarben: wei\u00df\/schwarz (\u00f6ffnen) und wei\u00df (schlie\u00dfen).<\/p>\n<p>Die Kabel werden jetzt miteinander verbunden (idealerweise gel\u00f6tet).<br \/>\nWei\u00df\/schwarz an blau\/violett,<br \/>\nwei\u00df an grau\/gelb.<\/p>\n<p>Wer das Komfortschlie\u00dfen der Fenster nutzen m\u00f6chte, l\u00f6tet noch das gr\u00fcne Kabel der Inca\/JOM &nbsp;mit an das wei\u00dfe des FFB-Steuerteils, bzw. an das grau\/gelbe (am braunen Stecker im Fu\u00dfraum).<\/p>\n<p>Zum Schlu\u00df werden noch die Blinker angeschlossen.<br \/>\nDie Inca\/JOM bietet daf\u00fcr 2 braune Kabel.<br \/>\nUnter dem Teppich, in n\u00e4he der Stecker befindet sich der Hauptkabelbaum. Dort sind diese Kabel zu suchen: schwarz\/wei\u00df und schwarz\/gr\u00fcn. Die Kabel m\u00fcssen die selbe St\u00e4rke (Querschnitt) aufweisen, da es noch ein dickeres schwarz\/gr\u00fcnes Kabel gibt.<br \/>\nWer nicht sicher ist, misst mit einem Multimeter bei bet\u00e4tigtem Warnblinker nach.<\/p>\n<p><a href=\"http:\/\/www.rc-individual.de\/wp-content\/uploads\/2017\/10\/kabelbaum.jpg\" target=\"_blank\" rel=\"noopener\"><img loading=\"lazy\" decoding=\"async\" data-attachment-id=\"98\" data-permalink=\"https:\/\/www.rc-individual.de\/en\/einbau-einer-universellen-funkfernbedienung-in-einen-vw-lupo\/kabelbaum\/\" data-orig-file=\"https:\/\/www.rc-individual.de\/wp-content\/uploads\/2017\/10\/kabelbaum.jpg\" data-orig-size=\"727,1184\" data-comments-opened=\"1\" data-image-meta=\"{&quot;aperture&quot;:&quot;0&quot;,&quot;credit&quot;:&quot;&quot;,&quot;camera&quot;:&quot;&quot;,&quot;caption&quot;:&quot;&quot;,&quot;created_timestamp&quot;:&quot;0&quot;,&quot;copyright&quot;:&quot;&quot;,&quot;focal_length&quot;:&quot;0&quot;,&quot;iso&quot;:&quot;0&quot;,&quot;shutter_speed&quot;:&quot;0&quot;,&quot;title&quot;:&quot;&quot;,&quot;orientation&quot;:&quot;0&quot;}\" data-image-title=\"kabelbaum\" data-image-description=\"\" data-image-caption=\"\" data-large-file=\"https:\/\/www.rc-individual.de\/wp-content\/uploads\/2017\/10\/kabelbaum-629x1024.jpg\" class=\"aligncenter wp-image-98 size-medium\" src=\"http:\/\/www.rc-individual.de\/wp-content\/uploads\/2017\/10\/kabelbaum-184x300.jpg\" alt=\"\" width=\"184\" height=\"300\" srcset=\"https:\/\/www.rc-individual.de\/wp-content\/uploads\/2017\/10\/kabelbaum-184x300.jpg 184w, https:\/\/www.rc-individual.de\/wp-content\/uploads\/2017\/10\/kabelbaum-629x1024.jpg 629w, https:\/\/www.rc-individual.de\/wp-content\/uploads\/2017\/10\/kabelbaum.jpg 727w\" sizes=\"auto, (max-width: 184px) 100vw, 184px\" \/><\/a><\/p>\n<p>Jeweils ein braunes Kabel des Steuerteils wird jetzt auf schwarz\/wei\u00df und eins auf schwarz\/gr\u00fcn gel\u00f6tet. Alles isolieren.<\/p>\n<p>Alternativ kann man die beiden Kabel auch am Stecker vom Warnblinkschalter anl\u00f6ten. Die Farben der Kabel sind identisch.<\/p>\n<h4><strong>Schritt 3: Zusammenbau und Test<\/strong><\/h4>\n<p>Die \u00fcbrig gebliebenen Kabel der FFB-Steuereinheit werden nicht ben\u00f6tigt.<br \/>\nAlles wieder in umgekehrter Reihenfolge zusammenbauen, Batterie anklemmen, Schl\u00fcssel und Fernbedienung aus dem Fahrzeug nehmen, T\u00fcren schlie\u00dfen.<br \/>\nBeim \u00f6ffnen bzw. schlie\u00dfen sollten jetzt auch die Fahrzeugblinker aufleuchten. Ist ein oder sind beide Fenster ge\u00f6ffnet, k\u00f6nnen diese nun durch l\u00e4ngeren Druck auf die Schlie\u00dfen-Taste der FFB geschlossen werden.<\/p>\n<p>Unter Umst\u00e4nden kann es sein, dass die Endlagen der elektrischen Fensterheber neu angelernt werden m\u00fcssen (durch das abklemmen der Batterie). Dazu Z\u00fcndung einschalten, Fenster ganz herunter fahren. Schalter los lassen und nochmal ganz runter dr\u00fccken und halten, bis es klickt. Das selbe mit der oberen Position durchf\u00fchren.<\/p>\n<p>Viel Spa\u00df!<\/p>\n","protected":false},"excerpt":{"rendered":"<p>Diese Kurzanleitung beschreibt, wie eine universelle Funkfernbedienung (nachfolgend abgek\u00fcrzt als FFB) in einen VW Lupo oder Seat Arosa mit werksseitig vorhandener Zentralverriegelung eingebaut werden kann. Als Beispiel dient hier eine universelle JOM FFB oder&#46;&#46;&#46;<\/p>\n","protected":false},"author":1,"featured_media":0,"comment_status":"open","ping_status":"open","sticky":false,"template":"","format":"standard","meta":{"ngg_post_thumbnail":0,"jetpack_post_was_ever_published":false,"_jetpack_newsletter_access":"","_jetpack_dont_email_post_to_subs":false,"_jetpack_newsletter_tier_id":0,"_jetpack_memberships_contains_paywalled_content":false,"_jetpack_memberships_contains_paid_content":false,"footnotes":"","jetpack_publicize_message":"","jetpack_publicize_feature_enabled":true,"jetpack_social_post_already_shared":false,"jetpack_social_options":{"image_generator_settings":{"template":"highway","default_image_id":0,"font":"","enabled":false},"version":2}},"categories":[3],"tags":[34,35,36,37,38,39,40,41,42,43],"class_list":["post-25","post","type-post","status-publish","format-standard","hentry","category-anleitungen","tag-anschluss","tag-einbau","tag-ffb","tag-funkfernbedienung","tag-inca","tag-jom","tag-nachruesten","tag-nachruestung","tag-universelle","tag-zv"],"jetpack_publicize_connections":[],"jetpack_featured_media_url":"","jetpack_sharing_enabled":true,"jetpack_shortlink":"https:\/\/wp.me\/p7g53U-p","jetpack_likes_enabled":true,"jetpack-related-posts":[],"_links":{"self":[{"href":"https:\/\/www.rc-individual.de\/en\/wp-json\/wp\/v2\/posts\/25","targetHints":{"allow":["GET"]}}],"collection":[{"href":"https:\/\/www.rc-individual.de\/en\/wp-json\/wp\/v2\/posts"}],"about":[{"href":"https:\/\/www.rc-individual.de\/en\/wp-json\/wp\/v2\/types\/post"}],"author":[{"embeddable":true,"href":"https:\/\/www.rc-individual.de\/en\/wp-json\/wp\/v2\/users\/1"}],"replies":[{"embeddable":true,"href":"https:\/\/www.rc-individual.de\/en\/wp-json\/wp\/v2\/comments?post=25"}],"version-history":[{"count":9,"href":"https:\/\/www.rc-individual.de\/en\/wp-json\/wp\/v2\/posts\/25\/revisions"}],"predecessor-version":[{"id":291,"href":"https:\/\/www.rc-individual.de\/en\/wp-json\/wp\/v2\/posts\/25\/revisions\/291"}],"wp:attachment":[{"href":"https:\/\/www.rc-individual.de\/en\/wp-json\/wp\/v2\/media?parent=25"}],"wp:term":[{"taxonomy":"category","embeddable":true,"href":"https:\/\/www.rc-individual.de\/en\/wp-json\/wp\/v2\/categories?post=25"},{"taxonomy":"post_tag","embeddable":true,"href":"https:\/\/www.rc-individual.de\/en\/wp-json\/wp\/v2\/tags?post=25"}],"curies":[{"name":"wp","href":"https:\/\/api.w.org\/{rel}","templated":true}]}}